{"id":904,"date":"2021-02-11T14:50:17","date_gmt":"2021-02-11T13:50:17","guid":{"rendered":"http:\/\/acpd.org.al\/?p=904"},"modified":"2022-04-22T10:17:13","modified_gmt":"2022-04-22T09:17:13","slug":"zyra-rajonale-vlore-e-qendres-burimore-per-shoqerine-civile-mbeshtet-forumin-civil-selenice-ne-nismen-e-advokimit-per-ndertimin-e-kendit-te-lojrave-per-femije","status":"publish","type":"post","link":"https:\/\/acpd.org.al\/?p=904","title":{"rendered":"Zyra rajonale Vlor\u00eb e qendr\u00ebs burimore p\u00ebr shoq\u00ebrin\u00eb civile mb\u00ebshtet forumin civil Selenic\u00eb"},"content":{"rendered":"<p>Q\u00eb prej janarit 2019, Partner\u00ebt Shqip\u00ebri n\u00eb partneritet me Qendr\u00ebn Shqiptare p\u00ebr Popullsin\u00eb dhe Zhvillimin (ACPD) dhe L\u00ebvizjen Evropiane n\u00eb Shqip\u00ebri (EMA) po zbatojn\u00eb projektin p\u00ebr Qendr\u00ebn Komb\u00ebtare Burimore p\u00ebr Shoq\u00ebrin\u00eb Civile n\u00eb Shqip\u00ebri, nj\u00eb nism\u00eb e financuar nga Bashkimi Evropian. Qendra Komb\u00ebtare Burimore p\u00ebr Shoq\u00ebrin\u00eb Civile \u00ebsht\u00eb nj\u00eb platform\u00eb mb\u00ebshtet\u00ebse p\u00ebr shoq\u00ebrin\u00eb civile n\u00eb nivel lokal dhe komb\u00ebtar n\u00eb mb\u00ebshtetje t\u00eb fuqizimit t\u00eb kapaciteteve t\u00eb saj, dialogut t\u00eb politikave dhe p\u00ebrpjekjeve advokuese p\u00ebr nj\u00eb mjedis mund\u00ebsues. P\u00ebr nj\u00eb mbulim sa m\u00eb t\u00eb gjer\u00eb territorial n\u00eb nivel komb\u00ebtar n\u00eb ofrimin e sh\u00ebrbimeve dhe me aktiviteteve t\u00eb Qendr\u00ebs Komb\u00ebtare Burimore jan\u00eb ngritur edhe dy zyra rajonale burimore n\u00eb Shkod\u00ebr dhe Vlor\u00eb t\u00eb cilat koordinohen me zyr\u00ebn qendrore n\u00eb Tiran\u00eb.<\/p>\n<p>N\u00eb takimin e dat\u00ebs 15 korrik 2020, t\u00eb organizuar nga Zyra Rajonale e Qendr\u00ebs Burimore Vlor\u00eb, me banor\u00eb t\u00eb Selenices si dhe an\u00ebtar\u00eb t\u00eb Forumit Civil t\u00eb Selenices <em>(i rregjistruar si OJF m\u00eb korrik 2018 me mb\u00ebshtetjen e Q\u00ebndr\u00ebs Rinore Vlore)<\/em>, koordinatorja rajonale e k\u00ebsaj zyre, ka nxitur an\u00ebtaret e Forumit t\u00eb p\u00ebrshihen me shum\u00eb n\u00eb nisma qytetare p\u00ebr p\u00ebrmir\u00ebsimin e cil\u00ebsise s\u00eb jet\u00ebs n\u00eb komunitetin ku ata banojne. Pjes\u00ebmarresit jan\u00eb nxitur t\u00eb diskutojn\u00eb mbi c\u00ebshtje prioritare q\u00eb shqet\u00ebsojn\u00eb banor\u00ebt e k\u00ebsaj Bashkie dhe q\u00eb mund t\u00eb adresohen nga Bashkia Selenic\u00eb. Pas nj\u00eb s\u00ebr\u00eb problematikash t\u00eb pranishmit jan\u00eb fokusuar te mungesa prej vitesh e nj\u00eb parku t\u00eb lojrave p\u00ebr f\u00ebmij\u00ebt n\u00eb qytetin Selenice. Me pas grupi nism\u00ebtar ka identifikuar edhe dy hap\u00ebsira publike t\u00eb mundshme prej afro 500 m2\u00a0 q\u00eb mund t\u00eb sh\u00ebrbejne shum\u00eb mir\u00eb si hap\u00ebsira shplodh\u00ebse p\u00ebr n\u00ebnat, t\u00eb moshuarit dhe arg\u00ebtuese p\u00ebr f\u00ebmij\u00ebt. K\u00ebto k\u00ebnde lojrash jane nj\u00eb domosdoshm\u00ebri edhe sepse do t\u00eb perdoren edhe nga femij\u00eb t\u00eb tjer\u00eb t\u00eb Selenic\u00ebs t\u00eb cilet nuk kan\u00eb asnj\u00eb hap\u00ebsire arg\u00ebtuese apo sportive.<\/p>\n<p>Zyra Rajonale Vlor\u00eb e Qendr\u00ebs Burimore ka leht\u00ebsuar kete fushat\u00eb advokacie duke e ndihmuar grupin nism\u00ebtar p\u00ebrgjat\u00eb gjith\u00eb procesit; duke i ofruar asistence p\u00ebr hartimin e peticionit, mbledhjen e firmave, duke ofruar trainime online mbi organizimin e fushatave t\u00eb sukseshme t\u00eb advokacis\u00eb , sesione informimi online lidhur me baz\u00ebn ligjore ku mb\u00ebshtetet peticion (Ligji 139\/2015 p\u00ebr vetqeverisjen vendore si dhe me rregulloren e re p\u00ebr paraqitjen edhe shqyrtimin e peticioneve dhe iniciativave qytetare)\u00a0 si dhe suport lidhur me procedurat dhe\u00a0 komunikimet zyrtare p\u00ebr adresimin e problemit. Si rezultat i nje pune tremujore, me dat\u00ebn 13 shtator peticioni i firmosur nga grupi nism\u00ebtar i parashtruesve s\u00eb bashku me list\u00ebn me 60 emra dhe firma t\u00eb prinderve te femij\u00ebve \u00ebsht\u00eb dor\u00ebzuar n\u00eb K\u00ebshillin Bashkiak te Selenices si dhe n\u00eb Bashkine Selenice. Me 13 Tetor, p\u00ebrfaq\u00ebsues t\u00eb Forumit civil Selenice jan\u00eb thirrur nga kryetari i Bashkise Selenic\u00eb n\u00eb nj\u00eb takim ku kan\u00eb diskutuar nga af\u00ebr p\u00ebr r\u00ebnd\u00ebsine e nd\u00ebrtimit t\u00eb k\u00ebndeve t\u00eb lojrave p\u00ebr femijet dhe komunitetin. N\u00eb muajin dhjetor 2020 grupi nismetar \u00ebsht\u00eb njoftuar nga Bashkia se kan\u00eb buxhetuar p\u00ebr tu realizuar gjat\u00eb vitit 2021 nd\u00ebrtimin e njerit prej k\u00ebndeve t\u00eb lojrave dhe nj\u00eb fush\u00eb sporti p\u00ebr basketboll dhe volejboll.<\/p>\n<p>Fal\u00eb mb\u00ebshtetjes s\u00eb zyr\u00ebs rajonale t\u00eb NRC n\u00eb Vlor\u00eb, kjo fitore advokacie ka inkurajuar vecan\u00ebrisht t\u00eb rinjt\u00eb an\u00ebtare t\u00eb Forumit Civil t\u00eb Selenic\u00ebs dhe ka rritur besimin se duke ngritur z\u00ebrin ata vet\u00eb mund t\u00eb b\u00ebhen pjes\u00eb e vendimarrjes vendore dhe mund t\u00eb sjellin ndryshime t\u00eb r\u00ebnd\u00ebsishme p\u00ebr komunitetin e tyre.<\/p>\n<p>https:\/\/www.facebook.com\/fcselenice\/posts\/3684154828313459<\/p>\n<p><img loading=\"lazy\" class=\"alignnone size-full wp-image-906\" src=\"http:\/\/acpd.org.al\/wp-content\/uploads\/2021\/02\/aulona_2021.jpg\" alt=\"\" width=\"291\" height=\"219\" \/>\u00a0<img loading=\"lazy\" class=\"alignnone  wp-image-905\" src=\"http:\/\/acpd.org.al\/wp-content\/uploads\/2021\/02\/20200715_105531-e1613054815805-300x225.jpg\" alt=\"\" width=\"288\" height=\"214\" \/><\/p>\n","protected":false},"excerpt":{"rendered":"<p>Q\u00eb prej janarit 2019, Partner\u00ebt Shqip\u00ebri n\u00eb partneritet me Qendr\u00ebn Shqiptare p\u00ebr Popullsin\u00eb dhe Zhvillimin (ACPD) dhe L\u00ebvizjen Evropiane n\u00eb Shqip\u00ebri (EMA) po zbatojn\u00eb projektin p\u00ebr Qendr\u00ebn Komb\u00ebtare Burimore p\u00ebr Shoq\u00ebrin\u00eb Civile n\u00eb Shqip\u00ebri, nj\u00eb nism\u00eb e financuar nga Bashkimi Evropian. Qendra Komb\u00ebtare Burimore p\u00ebr Shoq\u00ebrin\u00eb Civile \u00ebsht\u00eb nj\u00eb platform\u00eb mb\u00ebshtet\u00ebse p\u00ebr shoq\u00ebrin\u00eb civile n\u00eb<\/p>\n<a class=\"btn_a\" href=\"https:\/\/acpd.org.al\/?p=904\"><span><i class=\"in_left fa fa-angle-right\"><\/i><span>Details<\/span><i class=\"in_right fa fa-angle-right\"><\/i><\/span><\/a>","protected":false},"author":1,"featured_media":905,"comment_status":"closed","ping_status":"closed","sticky":false,"template":"","format":"standard","meta":[],"categories":[103,16,5],"tags":[],"_links":{"self":[{"href":"https:\/\/acpd.org.al\/index.php?rest_route=\/wp\/v2\/posts\/904"}],"collection":[{"href":"https:\/\/acpd.org.al\/index.php?rest_route=\/wp\/v2\/posts"}],"about":[{"href":"https:\/\/acpd.org.al\/index.php?rest_route=\/wp\/v2\/types\/post"}],"author":[{"embeddable":true,"href":"https:\/\/acpd.org.al\/index.php?rest_route=\/wp\/v2\/users\/1"}],"replies":[{"embeddable":true,"href":"https:\/\/acpd.org.al\/index.php?rest_route=%2Fwp%2Fv2%2Fcomments&post=904"}],"version-history":[{"count":2,"href":"https:\/\/acpd.org.al\/index.php?rest_route=\/wp\/v2\/posts\/904\/revisions"}],"predecessor-version":[{"id":1284,"href":"https:\/\/acpd.org.al\/index.php?rest_route=\/wp\/v2\/posts\/904\/revisions\/1284"}],"wp:featuredmedia":[{"embeddable":true,"href":"https:\/\/acpd.org.al\/index.php?rest_route=\/wp\/v2\/media\/905"}],"wp:attachment":[{"href":"https:\/\/acpd.org.al\/index.php?rest_route=%2Fwp%2Fv2%2Fmedia&parent=904"}],"wp:term":[{"taxonomy":"category","embeddable":true,"href":"https:\/\/acpd.org.al\/index.php?rest_route=%2Fwp%2Fv2%2Fcategories&post=904"},{"taxonomy":"post_tag","embeddable":true,"href":"https:\/\/acpd.org.al\/index.php?rest_route=%2Fwp%2Fv2%2Ftags&post=904"}],"curies":[{"name":"wp","href":"https:\/\/api.w.org\/{rel}","templated":true}]}}