{"id":526,"date":"2020-06-15T11:04:50","date_gmt":"2020-06-15T11:04:50","guid":{"rendered":"http:\/\/testacpd.acpd.org.al\/?p=526"},"modified":"2022-03-11T10:29:40","modified_gmt":"2022-03-11T09:29:40","slug":"qendra-aulona","status":"publish","type":"post","link":"https:\/\/acpd.org.al\/?p=526","title":{"rendered":"QENDRA AULONA"},"content":{"rendered":"\n<h5 class=\"has-text-align-center\">QENDRA SHQIPTARE P\u00cbR POPULLSIN\u00cb DHE ZHVILLIMIN <\/h5>\n\n\n\n<h5 class=\"has-text-align-center\">(Albanian Center for Population and Development)<\/h5>\n\n\n\n<h5 class=\"has-text-align-center\">QENDRA AULONA VLOR\u00cb<\/h5>\n\n\n\n<h5>Historiku i organizat\u00ebs<\/h5>\n\n\n\n<p>Qendra&nbsp; \u201cAulona\u201d n\u00eb Vlor\u00eb \u00ebsht\u00eb themeluar si deg\u00eb e Shoqat\u00ebs s\u00eb Planifikimit Familiar, m\u00eb n\u00ebntor 1998.<\/p>\n\n\n\n<p>Qendra Aulona ka nj\u00eb staf t\u00eb p\u00ebrb\u00ebr\u00eb nga Menaxherja e Qendr\u00ebs dhe infermierja q\u00eb punojn\u00eb me koh\u00eb t\u00eb plot\u00eb. Po ashtu me koh\u00eb t\u00eb pjesshme punojn\u00eb dy mjeke gjinekologe, nj\u00eb psikologe dhe nj\u00eb pastruese.&nbsp;<\/p>\n\n\n\n<p>Qendra Aulona ka grupin e saj t\u00eb vullnetareve nga t\u00eb cil\u00ebt 25 jan\u00eb m\u00eb aktiv\u00eb dhe mb\u00ebshtesin fushatat dhe aktivitetet e tjera si edukatore bashk\u00ebmoshatar\u00eb .<\/p>\n\n\n\n<p>Qendra Aulona ka nj\u00eb shtrirje t\u00eb aktiviteteve n\u00eb t\u00eb gjith\u00eb rrethin e Vlor\u00ebs, duke p\u00ebrfshir\u00eb qytetin si dhe kat\u00ebr nj\u00ebsit\u00eb administrative Qend\u00ebr, Orikum, Shushic\u00eb dhe Novosel\u00eb.<\/p>\n\n\n\n<p>&nbsp;Qendra Aulona ka punuar fort n\u00eb zonat rurale t\u00eb rrethit t\u00eb Vlor\u00ebs p\u00ebr nj\u00eb periudh\u00eb 6 vje\u00e7are: 2012-2018 p\u00ebrmes projektit t\u00eb financuar nga Olof Palme International Center dhe qeveria suedeze t\u00eb titulluar \u201cGrat\u00eb dhe vajzat e zonave rurale, faktor\u00eb ndryshimi n\u00eb komunitet\u201d si dhe projektit \u201cMobilizimi i grave p\u00ebr zhvillimin e komunitetit\u201d . Jan\u00eb ngritur kat\u00ebr Forume t\u00eb pavarura t\u00eb Grave n\u00eb secil\u00ebn nga nj\u00ebsit\u00eb administrative Qend\u00ebr, Orikum, Novosel\u00eb e Shushic\u00eb. Grat\u00eb pjes\u00ebmarr\u00ebse n\u00eb k\u00ebto forume jan\u00eb fuqizuar p\u00ebrmes trajnimeve dhe takimeve t\u00eb her\u00ebpashereshme me pushtetin vendor dhe Aleanc\u00ebn e Grave K\u00ebshilltare t\u00eb Vlor\u00ebs p\u00ebr t\u00eb advokuar p\u00ebr nevojat e tyre pran\u00eb pushtetit vendor. Po ashtu Qendra ka ofruar dhe vazhdon t\u00eb ofroj\u00eb sh\u00ebrbime p\u00ebr sh\u00ebndetin e gruas n\u00eb k\u00ebto zona rurale p\u00ebr t\u00eb rritur aksesin e tyre.<\/p>\n\n\n\n<p>Target grupet me t\u00eb cilat punojm\u00eb: t\u00eb rinjt\u00eb n\u00eb nevoj\u00eb, t\u00eb marxhinalizuar, grat\u00eb n\u00eb p\u00ebrgjith\u00ebsi dhe grat\u00eb n\u00eb nevoj\u00eb, viktima t\u00eb dhun\u00ebs n\u00eb familje etj.<\/p>\n\n\n\n<p>\u00c7do vit mij\u00ebra gra dhe t\u00eb rinj p\u00ebrfitojn\u00eb nga sh\u00ebrbimet q\u00eb ofrohen n\u00eb qendrat e sh\u00ebrbimit t\u00eb QPZH. Nevojat e klient\u00ebve, opinionet dhe sygjerimet luajn\u00eb nj\u00eb rol t\u00eb r\u00ebnd\u00ebsish\u00ebm n\u00eb dizenjimin e sh\u00ebrbimeve t\u00eb reja, materialet informative, pajisjen e qendrave, p\u00ebrmir\u00ebsimin e cil\u00ebsis\u00eb s\u00eb sh\u00ebrbimeve.<\/p>\n\n\n\n<p>Qendra Aulona ka nj\u00eb bashk\u00ebpunim shum\u00eb t\u00eb mir\u00eb edhe me&nbsp;<strong><em>rrjetin e organizatave t\u00eb tjera aktive n\u00eb Vlor\u00eb<\/em><\/strong>&nbsp;duke organizuar s\u00eb bashku fushata nd\u00ebrgjegj\u00ebsimi p\u00ebr t\u00eb drejtat e grave si dhe \u00e7\u00ebshtje t\u00eb rinis\u00eb n\u00eb dit\u00ebt bot\u00ebrore si 8 Mars, Dita e Rinis\u00eb, Dita e popullsis\u00eb, 16 dit\u00ebt e aktivizmit kund\u00ebr dhun\u00ebs m\u00eb baz\u00eb gjinore, dita antitrafik , dita bot\u00ebrore e kontracepsionit, e luft\u00ebs kund\u00ebr stigm\u00ebs s\u00eb abortit etj.<\/p>\n\n\n\n<p>&nbsp;Gjat\u00eb k\u00ebtyre 20 viteve t\u00eb aktivitetit t\u00eb saj, Qendra Aulona ka nd\u00ebrtuar marr\u00ebdh\u00ebnie shum\u00eb t\u00eb mira me qeverin\u00eb lokale.<\/p>\n\n\n\n<p>Ofron&nbsp;<strong>sh\u00ebrbime t\u00eb li\u00e7ensuara<\/strong>&nbsp;t\u00eb p\u00ebrkujdesit komunitar e shoq\u00ebror si dhe sh\u00ebrbime sh\u00ebndetsore p\u00ebr sh\u00ebndetin riprodhues.<\/p>\n\n\n\n<p>Lista e sh\u00ebrbimeve t\u00eb ofruara \u00e7do dit\u00eb n\u00eb Qend\u00ebr:<\/p>\n\n\n\n<ul><li>K\u00ebshillime p\u00ebr Planifikimin Familiar dhe sh\u00ebndetin Riprodhues<\/li><li>Kontraceptiv\u00eb t\u00eb t\u00eb gjitha llojeve<\/li><li>Teste shtat\u00ebzanie<\/li><li>Vizita gjinekologjike dhe obstetrike<\/li><li>Pap testi ( ekzaminim rutin\u00eb q\u00eb parandalon kancerin e qaf\u00ebs s\u00eb mitr\u00ebs)<\/li><li>Ekografi gjinekologjike dhe obstetrike<\/li><li>K\u00ebshillime psiko-sociale t\u00eb li\u00e7ensuara.<\/li><li>Sh\u00ebrbime p\u00ebr abortin<\/li><li>Teste p\u00ebr HIV<\/li><li>Trajnime t\u00eb akredituara p\u00ebr personel mjek\u00ebsor n\u00eb fush\u00ebn e sh\u00ebndetit riprodhues<\/li><li>Seminare informuese me t\u00eb rinjt\u00eb, grat\u00eb dhe familjet e tyre si dhe aktivitete nd\u00ebrgjegj\u00ebsuese.<\/li><\/ul>\n\n\n\n<p>Besueshm\u00ebria drejt sh\u00ebrbimeve t\u00eb ofruara nga Qendra e Gruas \u201cAulona\u201d n\u00eb Vlor\u00eb udh\u00ebhoqi n\u00eb zbatimin e nj\u00eb projekti n\u00eb partneritet me qeverin\u00eb lokale (loan nga Banka Bot\u00ebrore) n\u00eb lidhje me themelimin e nj\u00eb q\u00ebndre p\u00ebr sh\u00ebrbime sociale t\u00eb integruara p\u00ebr grat\u00eb n\u00eb nevoj\u00eb, familjet dhe t\u00eb rinjt\u00eb vlonjat\u00eb n\u00eb rrezik.&nbsp; ( 2005 \u2013 2008) Aktualisht Bashkia Vlor\u00eb n\u00eb vazhdim t\u00eb k\u00ebtij projekti ofron mjediset e saj n\u00eb huap\u00ebrdorje p\u00ebr Qendr\u00ebn Aulona n\u00eb kuad\u00ebr t\u00eb ofrimit t\u00eb sh\u00ebrbimeve t\u00eb kujdesit shoq\u00ebror p\u00ebr grat\u00eb dhe t\u00eb rinjt\u00eb n\u00eb nevoj\u00eb. Qendra Aulona raporton \u00e7do kat\u00ebr muaj statistikat e sh\u00ebrbimeve shoq\u00ebrore tek Bashkia.<\/p>\n\n\n\n<p>Qendra Aulona ka ngritur Aleanc\u00ebn e Grave K\u00ebshilltare Vlor\u00eb dhe duke fuqizuar grat\u00eb e komunitetit rural advokon s\u00eb bashku me to p\u00ebr p\u00ebrmbushjen e k\u00ebrkesave m\u00eb prioritare t\u00eb tyre si dhe t\u00eb kontrat\u00ebs sociale 2015, 2019 t\u00eb n\u00ebnshkruar me kryetarin e Bashkis\u00eb Leli.<\/p>\n\n\n\n<p>Si rezultat i lobimit dhe advokacis\u00eb p\u00ebr t\u00eb drejtat e grave jan\u00eb arritur rezultate t\u00eb r\u00ebnd\u00ebsishme t\u00eb reflektuara n\u00eb buxhetin e bashkis\u00eb n\u00eb k\u00ebto dy vitet e fundit. Po ashtu jan\u00eb adresuar nga Bashkia pes\u00eb nga 10 pikat e kontrat\u00ebs sociale.<\/p>\n\n\n\n<p>N\u00eb kuad\u00ebr t\u00eb bashk\u00ebpunimit 20 vje\u00e7ar me Drejtorin\u00eb Rajonale t\u00eb Sh\u00ebndetit Publik Vlor\u00eb, Qendra e ka forcuar bashk\u00ebpunimin me k\u00ebt\u00eb institucion duke organizuar&nbsp; shpesh trajnime p\u00ebr profesionist\u00eb t\u00eb sh\u00ebndetit nga rrethe dhe zona rurale t\u00eb ndryshme. Temat e trajnimeve p\u00ebrfshijn\u00eb: prezantim i p\u00ebrgjithsh\u00ebm i sh\u00ebndetit riprodhues, kujdesi para dhe pas lindjes, parandalimi i SSTve, HIV\/SIDAs, planifikimi familjar, k\u00ebshillimi psikologjik, aborti dhe stigma ndaj abortit, dhuna seksuale dhe me baz\u00eb gjinore etj<\/p>\n\n\n\n<p>Qendra \u00ebsht\u00eb an\u00ebtare e Mekanizmit t\u00eb Referimit t\u00eb Rasteve t\u00eb dhun\u00ebs, Tryez\u00ebs Multidisiplinare Teknike si dhe e Komitetit Rajonal Antitrafik.<\/p>\n\n\n\n<p>Qendra Aulona ka qen\u00eb gjithashtu pjes\u00eb e diskutimeve t\u00eb organizuara nga Bashkia Vlor\u00eb p\u00ebr hartimin e Planit Social t\u00eb Bashkis\u00eb Vlor\u00eb gjat\u00eb k\u00ebtyre 15 viteve t\u00eb fundit.&nbsp;<\/p>\n\n\n\n<p>Duke pasur si grupe target grat\u00eb dhe t\u00eb rinjt\u00eb, kjo qend\u00ebr e njohur &nbsp;p\u00ebr profesionaliz\u00ebm dhe p\u00ebr sh\u00ebrbimet cil\u00ebsore q\u00eb ofron, ka kontribuar n\u00eb p\u00ebrmir\u00ebsimin e sh\u00ebndetit riprodhues, planifikimit familjar dhe t\u00eb situat\u00ebs s\u00eb sh\u00ebndetit riprodhues n\u00eb Vlor\u00eb, duke siguruar akses n\u00eb sh\u00ebrbime dhe informacion cil\u00ebsor dhe t\u00eb p\u00ebrshtatsh\u00ebm.<\/p>\n\n\n\n<p>Po ashtu Qendra ka kontribuar n\u00eb p\u00ebrmir\u00ebsimin e demokracis\u00eb lokale duke fuqizuar grat\u00eb rurale, duke i b\u00ebr\u00eb t\u00eb afta t\u00eb ngren\u00eb z\u00ebrin p\u00ebr nevojat e tyre, dhe duke mb\u00ebshtetur Bashkin\u00eb Vlor\u00eb n\u00eb pro\u00e7eset e buxhetimit me pjes\u00ebmarrje.&nbsp;<\/p>\n\n\n\n<p>Qendra ka nj\u00eb kanal n\u00eb Youtube ku pasqyron t\u00eb gjith\u00eb aktivitetin e saj dhe kronikat apo emisionet n\u00eb TV p\u00ebr t\u00eb rritur vizibilitetin e pun\u00ebs s\u00eb saj.<\/p>\n\n\n\n<p>Qendra ka nj\u00eb faqe aktive n\u00eb Facebook me rreth 3250 ndjek\u00ebs, n\u00eb t\u00eb cil\u00ebn gjenden t\u00eb pasqyruara t\u00eb gjitha aktivitetet e saj n\u00eb koh\u00eb reale. Po ashtu s\u00eb fundmi \u00ebsht\u00eb hapur edhe faqja e saj n\u00eb Instagram. &nbsp;<\/p>\n\n\n\n<p><a href=\"https:\/\/www.facebook.com\/qendra.aulona\/\">https:\/\/www.facebook.com\/qendra.aulona\/<\/a>&nbsp; me&nbsp; 3232 ndjek\u00ebs<\/p>\n\n\n\n<p><a href=\"http:\/\/instagram.com\/qendraaulona?igshid=pwfehv46muw0\">http:\/\/instagram.com\/qendraaulona?igshid=pwfehv46muw0<\/a>\u00a0\u00a0\u00a0\u00a0 mbi 1,000 ndjek\u00ebs<\/p>\n\n\n\n<p class=\"has-text-align-center\"><strong>PROFIL<\/strong><\/p>\n\n\n\n<div class=\"wp-block-image\"><figure class=\"alignleft size-large is-resized\"><img loading=\"lazy\" src=\"http:\/\/acpd.org.al\/wp-content\/uploads\/2020\/08\/Foto-Enela-633x1024.jpg\" alt=\"\" class=\"wp-image-645\" width=\"213\" height=\"345\" srcset=\"https:\/\/acpd.org.al\/wp-content\/uploads\/2020\/08\/Foto-Enela-633x1024.jpg 633w, https:\/\/acpd.org.al\/wp-content\/uploads\/2020\/08\/Foto-Enela-185x300.jpg 185w, https:\/\/acpd.org.al\/wp-content\/uploads\/2020\/08\/Foto-Enela-768x1243.jpg 768w, https:\/\/acpd.org.al\/wp-content\/uploads\/2020\/08\/Foto-Enela.jpg 904w\" sizes=\"(max-width: 213px) 100vw, 213px\" \/><\/figure><\/div>\n\n\n\n<p><strong>Enela Mone<\/strong> \u00ebsht\u00eb menaxherja e Qendr\u00ebs Aulona, deg\u00eb e ACPD n\u00eb jug t\u00eb Shqip\u00ebris\u00eb, qysh m\u00eb shtator 2002.<\/p>\n\n\n\n<p>Ajo ka nj\u00eb experience t\u00eb gjer\u00eb 20 vje\u00e7are n\u00eb fush\u00ebn e menaxhimit t\u00eb projekteve n\u00eb sektorin e OJFve duke punuar p\u00ebr t\u00eb drejtat dhe sh\u00ebndetin e grave dhe t\u00eb rinjve.&nbsp;<\/p>\n\n\n\n<p>Ajo ka menaxhuar shum\u00eb projekte jo vet\u00ebm n\u00eb fush\u00ebn e edukimit, shoq\u00ebrore dhe sh\u00ebndetsore&nbsp; por edhe projekte q\u00eb kan\u00eb pasur si q\u00ebllim t\u00eb fuqizojn\u00eb t\u00eb rinjt\u00eb, grat\u00eb dhe komunitetin rom dhe t\u00eb rrisin pjes\u00ebmarrjen e tyre n\u00eb vendimarrjen vendore.<\/p>\n\n\n\n<p>&nbsp;Ajo ka punuar po ashtu p\u00ebr t\u00eb fuqizuar grat\u00eb rurale dhe p\u00ebr t\u00eb b\u00ebr\u00eb q\u00eb z\u00ebri i tyre t\u00eb d\u00ebgjohet nga zyrtar\u00ebt vendore. Si rezultat i p\u00ebrpjekjeve t\u00eb saj advokuese dhe lobuese nj\u00eb kontrat\u00eb Sociale \u00ebsht\u00eb n\u00ebnshkruar me 2015 dhe 2019 me kandidat\u00ebt p\u00ebr kryetare Bashkie n\u00eb Vlor\u00eb me 10 \u00e7\u00ebshtje prioritare t\u00eb grave t\u00eb zonave rurale.<\/p>\n\n\n\n<p>Gjat\u00eb viteve 2015-2019 ajo ka punuar p\u00ebr t\u00eb ngritur dhe fuqizuar Aleancen e Grave K\u00ebshilltare t\u00eb K\u00ebshillit Bashkiak Vlor\u00eb, ( me mb\u00ebshtetjen e Olof Palme International Center) dhe si pjes\u00eb e k\u00ebtij keshilli, ka patur rezultate konkrete n\u00eb p\u00ebrmir\u00ebsimin e politikave dhe sh\u00ebrbimeve p\u00ebr grat\u00eb e bashkis\u00eb Vlor\u00eb.<\/p>\n\n\n\n<p>Ajo p\u00ebrfaq\u00ebsoi denj\u00ebsisht ACPD si organizat\u00eb kampione p\u00ebr Europ\u00ebn n\u00eb \u00e7\u00ebshtjet gjinore (n\u00eb kuad\u00ebr t\u00eb rrjetit IPPF) p\u00ebrmes prezantimit t\u00eb posterit n\u00eb takimin me donator\u00ebt e IPPF n\u00eb Lond\u00ebr m\u00eb qershor 2016.<\/p>\n\n\n\n<p>Znj. Mone ka vendosur bashk\u00ebpunim shum\u00eb t\u00eb mir\u00eb me organizatat lokale dhe institucionet shtet\u00ebrore n\u00eb Vlor\u00eb. Ajo ka qen\u00eb nj\u00eb faktor p\u00ebr forcimin e shoq\u00ebrise civile (duke punuar si koordinatore p\u00ebr jugun p\u00ebr Qendr\u00ebn Komb\u00ebtare Burimore t\u00eb shoq\u00ebrise civile n\u00eb Vlor\u00eb) dhe nj\u00eb aktore q\u00eb ka sjell\u00eb ndryshime p\u00ebr kategorit\u00eb n\u00eb nevoj\u00eb duke qen\u00eb an\u00ebtare e zgjedhur e k\u00ebshillit Bashkiak t\u00eb qytetit.&nbsp; &nbsp;&nbsp; Ajo ka ndikuar p\u00ebr forcimin e rrjetit t\u00eb OJFve kund\u00ebr dhun\u00ebs me baz\u00eb gjinore dhe ka drejtuar fushata t\u00eb r\u00ebnd\u00ebsishme advokacie. Puna dhe p\u00ebrkushtimi i saj kund\u00ebr dhun\u00ebs n\u00eb familje dhe dhun\u00ebs me baz\u00eb gjinore ka ndikuar p\u00ebr rritjen e vizibilitetit t\u00eb ACPD duke e vendosur at\u00eb n\u00eb vijen e par\u00eb p\u00ebr t\u00eb drejtat e grave.<\/p>\n","protected":false},"excerpt":{"rendered":"<p>QENDRA SHQIPTARE P\u00cbR POPULLSIN\u00cb DHE ZHVILLIMIN (Albanian Center for Population and Development) QENDRA AULONA VLOR\u00cb Historiku i organizat\u00ebs Qendra&nbsp; \u201cAulona\u201d n\u00eb Vlor\u00eb \u00ebsht\u00eb themeluar si deg\u00eb e Shoqat\u00ebs s\u00eb Planifikimit Familiar, m\u00eb n\u00ebntor 1998. Qendra Aulona ka nj\u00eb staf t\u00eb p\u00ebrb\u00ebr\u00eb nga Menaxherja e Qendr\u00ebs dhe infermierja q\u00eb punojn\u00eb me koh\u00eb t\u00eb plot\u00eb. Po ashtu<\/p>\n<a class=\"btn_a\" href=\"https:\/\/acpd.org.al\/?p=526\"><span><i class=\"in_left fa fa-angle-right\"><\/i><span>Details<\/span><i class=\"in_right fa fa-angle-right\"><\/i><\/span><\/a>","protected":false},"author":1,"featured_media":1442,"comment_status":"closed","ping_status":"closed","sticky":false,"template":"","format":"standard","meta":[],"categories":[16],"tags":[],"_links":{"self":[{"href":"https:\/\/acpd.org.al\/index.php?rest_route=\/wp\/v2\/posts\/526"}],"collection":[{"href":"https:\/\/acpd.org.al\/index.php?rest_route=\/wp\/v2\/posts"}],"about":[{"href":"https:\/\/acpd.org.al\/index.php?rest_route=\/wp\/v2\/types\/post"}],"author":[{"embeddable":true,"href":"https:\/\/acpd.org.al\/index.php?rest_route=\/wp\/v2\/users\/1"}],"replies":[{"embeddable":true,"href":"https:\/\/acpd.org.al\/index.php?rest_route=%2Fwp%2Fv2%2Fcomments&post=526"}],"version-history":[{"count":4,"href":"https:\/\/acpd.org.al\/index.php?rest_route=\/wp\/v2\/posts\/526\/revisions"}],"predecessor-version":[{"id":1451,"href":"https:\/\/acpd.org.al\/index.php?rest_route=\/wp\/v2\/posts\/526\/revisions\/1451"}],"wp:featuredmedia":[{"embeddable":true,"href":"https:\/\/acpd.org.al\/index.php?rest_route=\/wp\/v2\/media\/1442"}],"wp:attachment":[{"href":"https:\/\/acpd.org.al\/index.php?rest_route=%2Fwp%2Fv2%2Fmedia&parent=526"}],"wp:term":[{"taxonomy":"category","embeddable":true,"href":"https:\/\/acpd.org.al\/index.php?rest_route=%2Fwp%2Fv2%2Fcategories&post=526"},{"taxonomy":"post_tag","embeddable":true,"href":"https:\/\/acpd.org.al\/index.php?rest_route=%2Fwp%2Fv2%2Ftags&post=526"}],"curies":[{"name":"wp","href":"https:\/\/api.w.org\/{rel}","templated":true}]}}