{"id":381,"date":"2020-06-12T16:50:23","date_gmt":"2020-06-12T16:50:23","guid":{"rendered":"http:\/\/testacpd.acpd.org.al\/?p=381"},"modified":"2021-04-06T16:57:22","modified_gmt":"2021-04-06T16:57:22","slug":"qendra-kombetare-burimore-per-shoqerine-civile-ne-shqiperi","status":"publish","type":"post","link":"https:\/\/acpd.org.al\/?p=381","title":{"rendered":"Qendra Komb\u00ebtare Burimore p\u00ebr Shoq\u00ebrin\u00eb Civile n\u00eb Shqip\u00ebri"},"content":{"rendered":"\r\n\r\n<strong><em>Periudha: 2019-2021<\/em><\/strong>\r\n\r\n\r\n\r\n\r\n\r\nQ\u00ebllimi: Qendra Komb\u00ebtare Burimore p\u00ebr Shoq\u00ebrin\u00eb Civile do t\u00eb sh\u00ebrbej\u00eb si nj\u00eb platform\u00eb p\u00ebr shoq\u00ebrin\u00eb civile n\u00eb nivel lokal, komb\u00ebtar, rajonal e m\u00eb gjer\u00eb. Ajo do t\u00eb kontribuoj\u00eb n\u00eb fuqizimin e kapaciteteve t\u00eb organizatave t\u00eb shoq\u00ebris\u00eb civile p\u00ebr t\u00eb qen\u00eb aktor\u00eb m\u00eb efektiv\u00eb, t\u00eb pavarur, transparent\u00eb e t\u00eb p\u00ebrgjegjsh\u00ebm, si dhe n\u00eb krijimin e nj\u00eb mjedisi mund\u00ebsues p\u00ebr shoq\u00ebrin\u00eb civile, demokracin\u00eb pjes\u00ebmarr\u00ebse dhe pro\u00e7esin e an\u00ebtar\u00ebsimit t\u00eb Shqip\u00ebris\u00eb n\u00eb Bashkimin Evropian.\r\n\r\n\r\n\r\n\r\n\r\nQendra ka zyr\u00ebn kryesore n\u00eb Tiran\u00eb, si dhe dy zyra t\u00eb tjera rajonale n\u00eb Shkod\u00ebr e Vlor\u00eb p\u00ebr t\u00eb siguruar nj\u00eb mbulim sa m\u00eb t\u00eb gjer\u00eb territorial n\u00eb t\u00eb gjith\u00eb vendin, me aktivitetet dhe sh\u00ebrbimet e saj.\r\n\r\n\r\n\r\n\r\n\r\n<strong><em>Funksionet kryesore t\u00eb Qendr\u00ebs jan\u00eb:<\/em><\/strong>\r\n\r\n\r\n\r\n\r\n<ul>\r\n \t<li>Ofrimi i informacionit dhe sh\u00ebrbimeve (help desk) p\u00ebr sektorin dhe t\u00eb gjith\u00eb aktor\u00ebt e partner\u00ebt e interesuar p\u00ebr zhvillimet n\u00eb sektorin e shoq\u00ebris\u00eb civile;<\/li>\r\n \t<li>T\u00eb siguroj\u00eb rrjet\u00ebzim p\u00ebr organizatat e shoq\u00ebris\u00eb civile n\u00eb nivel lokal, komb\u00ebtar, rajonal e m\u00eb gjer\u00eb;<\/li>\r\n \t<li>Fuqizim t\u00eb kapaciteteve t\u00eb shoq\u00ebris\u00eb civile n\u00eb Shqip\u00ebri p\u00ebrmes programeve t\u00eb trajnimit, shk\u00ebmbimit, etj;<\/li>\r\n \t<li>Qendra ofron mb\u00ebshtetje p\u00ebr p\u00ebrmir\u00ebsimin e qeverisjes s\u00eb organizatave t\u00eb shoq\u00ebris\u00eb civile p\u00ebr nj\u00eb funksionim m\u00eb t\u00eb mir\u00eb t\u00eb tyre, m\u00eb t\u00eb p\u00ebrgjegjsh\u00ebm e transparent, si dhe p\u00ebr rritjen e besimit t\u00eb publikut dhe aktor\u00ebve e partner\u00ebve ndaj sektorit;<\/li>\r\n \t<li>Rritje t\u00eb aft\u00ebsive rrjet\u00ebzuese e advokuese dhe leht\u00ebsim t\u00eb proceseve t\u00eb advokimit dhe dialogut, p\u00ebr nj\u00eb pjes\u00ebmarrje m\u00eb t\u00eb madhe e m\u00eb cil\u00ebsore n\u00eb politik\u00ebb\u00ebrje, si dhe n\u00eb zbatim e monitorim politikash n\u00eb nivel lokal e komb\u00ebtar.<\/li>\r\n<\/ul>\r\n","protected":false},"excerpt":{"rendered":"<p>Periudha: 2019-2021 Q\u00ebllimi: Qendra Komb\u00ebtare Burimore p\u00ebr Shoq\u00ebrin\u00eb Civile do t\u00eb sh\u00ebrbej\u00eb si nj\u00eb platform\u00eb p\u00ebr shoq\u00ebrin\u00eb civile n\u00eb nivel lokal, komb\u00ebtar, rajonal e m\u00eb gjer\u00eb. Ajo do t\u00eb kontribuoj\u00eb n\u00eb fuqizimin e kapaciteteve t\u00eb organizatave t\u00eb shoq\u00ebris\u00eb civile p\u00ebr t\u00eb qen\u00eb aktor\u00eb m\u00eb efektiv\u00eb, t\u00eb pavarur, transparent\u00eb e t\u00eb p\u00ebrgjegjsh\u00ebm, si dhe n\u00eb krijimin<\/p>\n<a class=\"btn_a\" href=\"https:\/\/acpd.org.al\/?p=381\"><span><i class=\"in_left fa fa-angle-right\"><\/i><span>Details<\/span><i class=\"in_right fa fa-angle-right\"><\/i><\/span><\/a>","protected":false},"author":1,"featured_media":378,"comment_status":"closed","ping_status":"closed","sticky":false,"template":"","format":"standard","meta":[],"categories":[20],"tags":[],"_links":{"self":[{"href":"https:\/\/acpd.org.al\/index.php?rest_route=\/wp\/v2\/posts\/381"}],"collection":[{"href":"https:\/\/acpd.org.al\/index.php?rest_route=\/wp\/v2\/posts"}],"about":[{"href":"https:\/\/acpd.org.al\/index.php?rest_route=\/wp\/v2\/types\/post"}],"author":[{"embeddable":true,"href":"https:\/\/acpd.org.al\/index.php?rest_route=\/wp\/v2\/users\/1"}],"replies":[{"embeddable":true,"href":"https:\/\/acpd.org.al\/index.php?rest_route=%2Fwp%2Fv2%2Fcomments&post=381"}],"version-history":[{"count":2,"href":"https:\/\/acpd.org.al\/index.php?rest_route=\/wp\/v2\/posts\/381\/revisions"}],"predecessor-version":[{"id":985,"href":"https:\/\/acpd.org.al\/index.php?rest_route=\/wp\/v2\/posts\/381\/revisions\/985"}],"wp:featuredmedia":[{"embeddable":true,"href":"https:\/\/acpd.org.al\/index.php?rest_route=\/wp\/v2\/media\/378"}],"wp:attachment":[{"href":"https:\/\/acpd.org.al\/index.php?rest_route=%2Fwp%2Fv2%2Fmedia&parent=381"}],"wp:term":[{"taxonomy":"category","embeddable":true,"href":"https:\/\/acpd.org.al\/index.php?rest_route=%2Fwp%2Fv2%2Fcategories&post=381"},{"taxonomy":"post_tag","embeddable":true,"href":"https:\/\/acpd.org.al\/index.php?rest_route=%2Fwp%2Fv2%2Ftags&post=381"}],"curies":[{"name":"wp","href":"https:\/\/api.w.org\/{rel}","templated":true}]}}