{"id":3004,"date":"2024-02-14T14:35:00","date_gmt":"2024-02-14T13:35:00","guid":{"rendered":"https:\/\/acpd.org.al\/?p=3004"},"modified":"2024-02-14T14:35:03","modified_gmt":"2024-02-14T13:35:03","slug":"java-europiane-e-parandalimit-te-kancerit-te-qafes-se-mitres","status":"publish","type":"post","link":"https:\/\/acpd.org.al\/?p=3004","title":{"rendered":"Java Europiane e Parandalimit t\u00eb Kancerit t\u00eb Qaf\u00ebs s\u00eb Mitr\u00ebs"},"content":{"rendered":"\n<p>N\u00eb kalendarin e datave t\u00eb vitit 2024 java e tret\u00eb e k\u00ebtij muaji, 15-21 Janar, \u00ebsht\u00eb konsideruar si Java Europiane e Parandalimit t\u00eb Kancerit t\u00eb Qaf\u00ebs s\u00eb Mitr\u00ebs.<br>N\u00eb rang global, Kanceri i Qaf\u00ebs s\u00eb Mitr\u00ebs mban vendin e kat\u00ebrt p\u00ebr tipin e kancerit t\u00eb hasur m\u00eb shpesh te grat\u00eb me 604 000 raste t\u00eb reja n\u00eb vitin 2020.<br>Kanceri i qaf\u00ebs s\u00eb mitr\u00ebs \u00ebsht\u00eb nj\u00eb nga format m\u00eb t\u00eb parandalueshme dhe m\u00eb t\u00eb trajtueshme t\u00eb kancerit, megjithat\u00eb ai mbetet nj\u00eb nga shkaqet m\u00eb t\u00eb zakonshme t\u00eb vdekjes p\u00ebr grat\u00eb.<br><\/p>\n\n\n\n<p>Rritja e nd\u00ebrgjegj\u00ebsimit dhe kontrollet e vazhdueshme jan\u00eb hapa t\u00eb r\u00ebnd\u00ebsish\u00ebm n\u00eb parandalimin e k\u00ebsaj s\u00ebmundje.<br><\/p>\n\n\n\n<p>Qendra Shqiptare p\u00ebr Popullsin\u00eb dhe Zhvillimin me dy Klinika Gjinekologjike ka qen\u00eb dhe mbetet gjithmon\u00eb n\u00eb sh\u00ebrbim dhe mb\u00ebshtetje t\u00eb k\u00ebsaj kauze.<br><\/p>\n\n\n\n<p>Me moton nd\u00ebrkomb\u00ebtare t\u00eb k\u00ebtij viti:<br>\u201cM\u00ebso, Parandalo, Kontrollo!\u201d<br><br>\u260e\ufe0fKontakti i Klinikave Gjinekologjike:<\/p>\n\n\n\n<p>\ud83d\udccdKlinika Vlor\u00eb<br>Telefon: \u2022033224531<br>Adresa: \u2022Lagjja 29 Nentori, Rruga Dede Ahmet Amataj, Cerdhja 15, kati 2t\u00eb Vlor\u00eb<br>\ud83d\udccdKlinika Tiran\u00eb<br>Telefon: \u20220683725722<br>Adresa: \u2022Bulevardi: &#8220;Gjergj Fishta&#8221;,<br>Kompleksi &#8220;Tirana 2000&#8221;, Kulla 8, Kati 2<br>Tirane, Shqip\u00ebri<\/p>\n","protected":false},"excerpt":{"rendered":"<p>N\u00eb kalendarin e datave t\u00eb vitit 2024 java e tret\u00eb e k\u00ebtij muaji, 15-21 Janar, \u00ebsht\u00eb konsideruar si Java Europiane e Parandalimit t\u00eb Kancerit t\u00eb Qaf\u00ebs s\u00eb Mitr\u00ebs.N\u00eb rang global, Kanceri i Qaf\u00ebs s\u00eb Mitr\u00ebs mban vendin e kat\u00ebrt p\u00ebr tipin e kancerit t\u00eb hasur m\u00eb shpesh te grat\u00eb me 604 000 raste t\u00eb reja<\/p>\n<a class=\"btn_a\" href=\"https:\/\/acpd.org.al\/?p=3004\"><span><i class=\"in_left fa fa-angle-right\"><\/i><span>Details<\/span><i class=\"in_right fa fa-angle-right\"><\/i><\/span><\/a>","protected":false},"author":1,"featured_media":3005,"comment_status":"closed","ping_status":"closed","sticky":false,"template":"","format":"standard","meta":[],"categories":[7],"tags":[],"_links":{"self":[{"href":"https:\/\/acpd.org.al\/index.php?rest_route=\/wp\/v2\/posts\/3004"}],"collection":[{"href":"https:\/\/acpd.org.al\/index.php?rest_route=\/wp\/v2\/posts"}],"about":[{"href":"https:\/\/acpd.org.al\/index.php?rest_route=\/wp\/v2\/types\/post"}],"author":[{"embeddable":true,"href":"https:\/\/acpd.org.al\/index.php?rest_route=\/wp\/v2\/users\/1"}],"replies":[{"embeddable":true,"href":"https:\/\/acpd.org.al\/index.php?rest_route=%2Fwp%2Fv2%2Fcomments&post=3004"}],"version-history":[{"count":1,"href":"https:\/\/acpd.org.al\/index.php?rest_route=\/wp\/v2\/posts\/3004\/revisions"}],"predecessor-version":[{"id":3006,"href":"https:\/\/acpd.org.al\/index.php?rest_route=\/wp\/v2\/posts\/3004\/revisions\/3006"}],"wp:featuredmedia":[{"embeddable":true,"href":"https:\/\/acpd.org.al\/index.php?rest_route=\/wp\/v2\/media\/3005"}],"wp:attachment":[{"href":"https:\/\/acpd.org.al\/index.php?rest_route=%2Fwp%2Fv2%2Fmedia&parent=3004"}],"wp:term":[{"taxonomy":"category","embeddable":true,"href":"https:\/\/acpd.org.al\/index.php?rest_route=%2Fwp%2Fv2%2Fcategories&post=3004"},{"taxonomy":"post_tag","embeddable":true,"href":"https:\/\/acpd.org.al\/index.php?rest_route=%2Fwp%2Fv2%2Ftags&post=3004"}],"curies":[{"name":"wp","href":"https:\/\/api.w.org\/{rel}","templated":true}]}}