{"id":2333,"date":"2022-08-12T12:38:00","date_gmt":"2022-08-12T11:38:00","guid":{"rendered":"https:\/\/acpd.org.al\/?p=2333"},"modified":"2022-08-15T12:46:32","modified_gmt":"2022-08-15T11:46:32","slug":"12-gusht-dita-nderkombetare-e-rinise","status":"publish","type":"post","link":"https:\/\/acpd.org.al\/?p=2333","title":{"rendered":"12 gusht &#8211; Dita Nd\u00ebrkomb\u00ebtare e Rinis\u00eb"},"content":{"rendered":"\n<p>Dita Nd\u00ebrkomb\u00ebtare e Rinis\u00eb organizohet m\u00eb 12 gusht t\u00eb \u00e7do viti. Q\u00ebllimi i k\u00ebsaj dite \u00ebsht\u00eb t\u00eb t\u00ebrheq v\u00ebmendjen p\u00ebr nj\u00eb grup t\u00eb caktuar \u00e7\u00ebshtjesh kulturore dhe ligjore q\u00eb preokupojn\u00eb rinin\u00eb.<\/p>\n\n\n\n<p>Dita Nd\u00ebrkomb\u00ebtare e Rinis\u00eb p\u00ebr her\u00eb t\u00eb par\u00eb u festua m\u00eb 12 gusht t\u00eb vitit 2000. Kjo dit\u00eb caktuar nga Kombet e Bashkuara n\u00eb vitin 1999 me miratimin e rezolut\u00ebs 54\/120. Tema e k\u00ebtij viti \u00ebsht\u00eb \u201cSolidariteti mes brezave: Krijimi i nj\u00eb bote p\u00ebr t\u00eb gjitha moshat\u201d.<\/p>\n\n\n\n<p>Dita Nd\u00ebrkomb\u00ebtare e Rinis\u00eb \u00ebsht\u00eb menduar si nj\u00eb mund\u00ebsi ku qeverit\u00eb dhe aktor\u00ebt e tjer\u00eb t\u2019i kushtojm\u00eb m\u00eb shum\u00eb v\u00ebmendje \u00e7\u00ebshtjeve t\u00eb rinis\u00eb n\u00eb mbar\u00eb bot\u00ebn. N\u00eb nder t\u00eb Dit\u00ebs Nd\u00ebrkomb\u00ebtare t\u00eb Rinis\u00eb n\u00eb bot\u00eb organizohen nga shoqata dhe organizata rinore dhe institucione t\u00eb ndryshme aktivitete t\u00eb larmishme, si koncerte, ngjarje kulturore e sportive, ku marrin pjes\u00eb t\u00eb rinj, prind\u00ebrit e tyre, p\u00ebrfaq\u00ebsues t\u00eb institucioneve n\u00eb nivel vendor e qendror, etj.<\/p>\n\n\n\n<p>Qendra Shqiptare p\u00ebr Popullsin\u00eb dhe Zhvillimin (QSHPZH) \u00ebsht\u00eb krenare se ka punuar p\u00ebr fuqizimin e t\u00eb rinjve q\u00eb n\u00eb fillesat e saj. Nj\u00eb nd\u00ebr fushat kryesore t\u00eb pun\u00ebs s\u00eb saj \u00ebsht\u00eb edhe promovimi dhe sigurimi i aksesit t\u00eb barabart\u00eb n\u00eb informacion cil\u00ebsor, edukim dhe sh\u00ebrbime t\u00eb mundshme dhe t\u00eb p\u00ebrballueshme, n\u00eb ve\u00e7anti p\u00ebr t\u00eb rinjt\u00eb dhe grupet n\u00eb nevoj\u00eb. QSHPZH \u00ebsht\u00eb an\u00ebtare e disa rrjeteve rinore, si Rrjeti \u201cZ\u00ebri i t\u00eb Rinjve\u201d, Rrjeti Komb\u00ebtar i t\u00eb Rinjve, Kongresi Komb\u00ebtar Rinor, etj. <\/p>\n\n\n\n<p>Qendrat tona, si Aulona, Po, Trokitja, ofrojn\u00eb sh\u00ebrbime t\u00eb ndryshme p\u00ebr t\u00eb rinjt\u00eb. N\u00eb veprimtarin\u00eb e saj me t\u00eb rinjt\u00eb shqiptar\u00eb, QSHPZH udh\u00ebhiqet nga parimi \u201cRini e sh\u00ebndetshme, e ardhme e sigurt p\u00ebr atdheun\u201d. <\/p>\n\n\n\n<figure class=\"wp-block-image size-full\"><img loading=\"lazy\" width=\"2048\" height=\"1365\" src=\"https:\/\/acpd.org.al\/wp-content\/uploads\/unfpa1-1.jpg\" alt=\"\" class=\"wp-image-1983\"\/><\/figure>\n","protected":false},"excerpt":{"rendered":"<p>Dita Nd\u00ebrkomb\u00ebtare e Rinis\u00eb organizohet m\u00eb 12 gusht t\u00eb \u00e7do viti. Q\u00ebllimi i k\u00ebsaj dite \u00ebsht\u00eb t\u00eb t\u00ebrheq v\u00ebmendjen p\u00ebr nj\u00eb grup t\u00eb caktuar \u00e7\u00ebshtjesh kulturore dhe ligjore q\u00eb preokupojn\u00eb rinin\u00eb. Dita Nd\u00ebrkomb\u00ebtare e Rinis\u00eb p\u00ebr her\u00eb t\u00eb par\u00eb u festua m\u00eb 12 gusht t\u00eb vitit 2000. Kjo dit\u00eb caktuar nga Kombet e Bashkuara n\u00eb<\/p>\n<a class=\"btn_a\" href=\"https:\/\/acpd.org.al\/?p=2333\"><span><i class=\"in_left fa fa-angle-right\"><\/i><span>Details<\/span><i class=\"in_right fa fa-angle-right\"><\/i><\/span><\/a>","protected":false},"author":2,"featured_media":2334,"comment_status":"closed","ping_status":"closed","sticky":false,"template":"","format":"standard","meta":[],"categories":[103,16,15,17,5],"tags":[],"_links":{"self":[{"href":"https:\/\/acpd.org.al\/index.php?rest_route=\/wp\/v2\/posts\/2333"}],"collection":[{"href":"https:\/\/acpd.org.al\/index.php?rest_route=\/wp\/v2\/posts"}],"about":[{"href":"https:\/\/acpd.org.al\/index.php?rest_route=\/wp\/v2\/types\/post"}],"author":[{"embeddable":true,"href":"https:\/\/acpd.org.al\/index.php?rest_route=\/wp\/v2\/users\/2"}],"replies":[{"embeddable":true,"href":"https:\/\/acpd.org.al\/index.php?rest_route=%2Fwp%2Fv2%2Fcomments&post=2333"}],"version-history":[{"count":1,"href":"https:\/\/acpd.org.al\/index.php?rest_route=\/wp\/v2\/posts\/2333\/revisions"}],"predecessor-version":[{"id":2335,"href":"https:\/\/acpd.org.al\/index.php?rest_route=\/wp\/v2\/posts\/2333\/revisions\/2335"}],"wp:featuredmedia":[{"embeddable":true,"href":"https:\/\/acpd.org.al\/index.php?rest_route=\/wp\/v2\/media\/2334"}],"wp:attachment":[{"href":"https:\/\/acpd.org.al\/index.php?rest_route=%2Fwp%2Fv2%2Fmedia&parent=2333"}],"wp:term":[{"taxonomy":"category","embeddable":true,"href":"https:\/\/acpd.org.al\/index.php?rest_route=%2Fwp%2Fv2%2Fcategories&post=2333"},{"taxonomy":"post_tag","embeddable":true,"href":"https:\/\/acpd.org.al\/index.php?rest_route=%2Fwp%2Fv2%2Ftags&post=2333"}],"curies":[{"name":"wp","href":"https:\/\/api.w.org\/{rel}","templated":true}]}}