{"id":1978,"date":"2022-05-24T09:54:20","date_gmt":"2022-05-24T08:54:20","guid":{"rendered":"https:\/\/acpd.org.al\/?p=1978"},"modified":"2022-05-24T09:59:03","modified_gmt":"2022-05-24T08:59:03","slug":"unfpa-shqiperi-barazia-gjinore-dhe-aktivizimi-i-te-rinjve","status":"publish","type":"post","link":"https:\/\/acpd.org.al\/?p=1978","title":{"rendered":"UNFPA Shqip\u00ebri &#8211; Barazia Gjinore dhe Aktivizimi i t\u00eb Rinjve"},"content":{"rendered":"\n<p><a href=\"https:\/\/www.facebook.com\/UNFPA?__cft__[0]=AZUEEdUU9ecNRt7utPKrpfROTk4n73jTqa83xlEGorQ90q7ruR_qDx9p-bfuuFslaxSaFXpEfb66f-nHJe4eJiMrvNGQJ_lQtFToE25O5oYusX-lX-4KoWE2jhVbETpFuXBm5VajfyqsBlecycur2ZyW&amp;__tn__=-]K-R\">UNFPA<\/a> Shqip\u00ebri ishte n\u00eb Nj\u00ebsin\u00eb Administrative Velipoj\u00eb, <a href=\"https:\/\/www.facebook.com\/bashkiashkodres?__cft__[0]=AZUEEdUU9ecNRt7utPKrpfROTk4n73jTqa83xlEGorQ90q7ruR_qDx9p-bfuuFslaxSaFXpEfb66f-nHJe4eJiMrvNGQJ_lQtFToE25O5oYusX-lX-4KoWE2jhVbETpFuXBm5VajfyqsBlecycur2ZyW&amp;__tn__=-]K-R\">Bashkia Shkod\u00ebr<\/a>, s\u00eb bashku me stafin e <a href=\"https:\/\/www.facebook.com\/QSHPZH\/?__cft__[0]=AZUEEdUU9ecNRt7utPKrpfROTk4n73jTqa83xlEGorQ90q7ruR_qDx9p-bfuuFslaxSaFXpEfb66f-nHJe4eJiMrvNGQJ_lQtFToE25O5oYusX-lX-4KoWE2jhVbETpFuXBm5VajfyqsBlecycur2ZyW&amp;__tn__=kK-R\">Qendra Po<\/a> dhe rreth 30 t\u00eb rinj t\u00eb zon\u00ebs p\u00ebr t\u00eb nd\u00ebrgjegj\u00ebsuar komunitetin mbi barazin\u00eb gjinore, aktivizmin e t\u00eb rinjve n\u00eb l\u00ebvizje civile n\u00eb mbrojtje t\u00eb t\u00eb drejtave t\u00eb njeriut dhe domosdoshm\u00ebrin\u00eb e pjes\u00ebmarrjes s\u00eb djemve dhe burrave n\u00eb luft\u00eb kund\u00ebr dhun\u00ebs me baz\u00eb gjinore.Nd\u00ebrhyrja b\u00ebhet n\u00eb kuad\u00ebr t\u00eb projektit \u201cBE p\u00ebr Barazin\u00eb Gjinore n\u00eb Shqip\u00ebri\u201d, mb\u00ebshtetur nga <a href=\"https:\/\/www.facebook.com\/eu.delegation.albania?__cft__[0]=AZUEEdUU9ecNRt7utPKrpfROTk4n73jTqa83xlEGorQ90q7ruR_qDx9p-bfuuFslaxSaFXpEfb66f-nHJe4eJiMrvNGQJ_lQtFToE25O5oYusX-lX-4KoWE2jhVbETpFuXBm5VajfyqsBlecycur2ZyW&amp;__tn__=-]K-R\">Bashkimi Evropian<\/a> dhe zbatuar nga UNFPA Albania e <a href=\"https:\/\/www.facebook.com\/unwomenalbania\/?__cft__[0]=AZUEEdUU9ecNRt7utPKrpfROTk4n73jTqa83xlEGorQ90q7ruR_qDx9p-bfuuFslaxSaFXpEfb66f-nHJe4eJiMrvNGQJ_lQtFToE25O5oYusX-lX-4KoWE2jhVbETpFuXBm5VajfyqsBlecycur2ZyW&amp;__tn__=kK-R\">UN Women Albania<\/a> n\u00eb partneritet me qeverin\u00eb vendore, shoq\u00ebrin\u00eb civile dhe t\u00eb rinjt\u00eb e shkollave t\u00eb mesme n\u00eb zona rurale t\u00eb thella t\u00eb p\u00ebrcaktuara n\u00ebn projekt.<\/p>\n\n\n\n<p><a href=\"https:\/\/www.facebook.com\/hashtag\/eu4localgenderequality?__eep__=6&amp;__cft__[0]=AZUEEdUU9ecNRt7utPKrpfROTk4n73jTqa83xlEGorQ90q7ruR_qDx9p-bfuuFslaxSaFXpEfb66f-nHJe4eJiMrvNGQJ_lQtFToE25O5oYusX-lX-4KoWE2jhVbETpFuXBm5VajfyqsBlecycur2ZyW&amp;__tn__=*NK-R\">#EU4LocalGenderEquality<\/a><\/p>\n\n\n\n<figure class=\"wp-container-2 wp-block-gallery-1 wp-block-gallery has-nested-images columns-1 is-cropped\">\n<figure class=\"wp-block-image size-large\"><img loading=\"lazy\" width=\"2048\" height=\"1365\" data-id=\"1983\"  src=\"https:\/\/acpd.org.al\/wp-content\/uploads\/unfpa1-1.jpg\" alt=\"\" class=\"wp-image-1983\"\/><\/figure>\n\n\n\n<figure class=\"wp-block-image size-large\"><img loading=\"lazy\" width=\"1365\" height=\"2048\" data-id=\"1981\"  src=\"https:\/\/acpd.org.al\/wp-content\/uploads\/unfpa3.jpg\" alt=\"\" class=\"wp-image-1981\"\/><\/figure>\n\n\n\n<figure class=\"wp-block-image size-large\"><img loading=\"lazy\" width=\"2048\" height=\"1365\" data-id=\"1980\"  src=\"https:\/\/acpd.org.al\/wp-content\/uploads\/unfpa2.jpg\" alt=\"\" class=\"wp-image-1980\"\/><\/figure>\n\n\n\n<figure class=\"wp-block-image size-large\"><img loading=\"lazy\" width=\"2048\" height=\"1365\" data-id=\"1982\"  src=\"https:\/\/acpd.org.al\/wp-content\/uploads\/unfpa4.jpg\" alt=\"\" class=\"wp-image-1982\"\/><\/figure>\n<\/figure>\n","protected":false},"excerpt":{"rendered":"<p>UNFPA Shqip\u00ebri ishte n\u00eb Nj\u00ebsin\u00eb Administrative Velipoj\u00eb, Bashkia Shkod\u00ebr, s\u00eb bashku me stafin e Qendra Po dhe rreth 30 t\u00eb rinj t\u00eb zon\u00ebs p\u00ebr t\u00eb nd\u00ebrgjegj\u00ebsuar komunitetin mbi barazin\u00eb gjinore, aktivizmin e t\u00eb rinjve n\u00eb l\u00ebvizje civile n\u00eb mbrojtje t\u00eb t\u00eb drejtave t\u00eb njeriut dhe domosdoshm\u00ebrin\u00eb e pjes\u00ebmarrjes s\u00eb djemve dhe burrave n\u00eb luft\u00eb kund\u00ebr<\/p>\n<a class=\"btn_a\" href=\"https:\/\/acpd.org.al\/?p=1978\"><span><i class=\"in_left fa fa-angle-right\"><\/i><span>Details<\/span><i class=\"in_right fa fa-angle-right\"><\/i><\/span><\/a>","protected":false},"author":2,"featured_media":1979,"comment_status":"closed","ping_status":"closed","sticky":false,"template":"","format":"standard","meta":[],"categories":[103,15,17,5,12],"tags":[],"_links":{"self":[{"href":"https:\/\/acpd.org.al\/index.php?rest_route=\/wp\/v2\/posts\/1978"}],"collection":[{"href":"https:\/\/acpd.org.al\/index.php?rest_route=\/wp\/v2\/posts"}],"about":[{"href":"https:\/\/acpd.org.al\/index.php?rest_route=\/wp\/v2\/types\/post"}],"author":[{"embeddable":true,"href":"https:\/\/acpd.org.al\/index.php?rest_route=\/wp\/v2\/users\/2"}],"replies":[{"embeddable":true,"href":"https:\/\/acpd.org.al\/index.php?rest_route=%2Fwp%2Fv2%2Fcomments&post=1978"}],"version-history":[{"count":2,"href":"https:\/\/acpd.org.al\/index.php?rest_route=\/wp\/v2\/posts\/1978\/revisions"}],"predecessor-version":[{"id":1991,"href":"https:\/\/acpd.org.al\/index.php?rest_route=\/wp\/v2\/posts\/1978\/revisions\/1991"}],"wp:featuredmedia":[{"embeddable":true,"href":"https:\/\/acpd.org.al\/index.php?rest_route=\/wp\/v2\/media\/1979"}],"wp:attachment":[{"href":"https:\/\/acpd.org.al\/index.php?rest_route=%2Fwp%2Fv2%2Fmedia&parent=1978"}],"wp:term":[{"taxonomy":"category","embeddable":true,"href":"https:\/\/acpd.org.al\/index.php?rest_route=%2Fwp%2Fv2%2Fcategories&post=1978"},{"taxonomy":"post_tag","embeddable":true,"href":"https:\/\/acpd.org.al\/index.php?rest_route=%2Fwp%2Fv2%2Ftags&post=1978"}],"curies":[{"name":"wp","href":"https:\/\/api.w.org\/{rel}","templated":true}]}}