{"id":159,"date":"2020-06-10T12:26:28","date_gmt":"2020-06-10T11:26:28","guid":{"rendered":"http:\/\/testacpd.acpd.org.al\/?p=159"},"modified":"2022-04-22T10:25:41","modified_gmt":"2022-04-22T09:25:41","slug":"a-e-dini-se-mitet-rreth-nderprerjes-se-shtatzenise-qe-mbartin-te-rinjte-rejat-kane-ndikim-ne-nje-grup-te-madh-te-tyre","status":"publish","type":"post","link":"https:\/\/acpd.org.al\/?p=159","title":{"rendered":"A e dini se mitet rreth nd\u00ebrprerjes s\u00eb shtatz\u00ebnis\u00eb q\u00eb mbartin t\u00eb rinjt\u00eb\/rejat kan\u00eb ndikim n\u00eb nj\u00eb grup t\u00eb madh t\u00eb tyre?"},"content":{"rendered":"\n<p>Tema e abortit mungon n\u00eb pjes\u00ebn m\u00eb t\u00eb madhe t\u00eb programeve t\u00eb edukimit seksual gjith\u00ebp\u00ebrfshir\u00ebs, madje edhe n\u00eb vendet ku aborti \u00ebsht\u00eb i ligjsh\u00ebm. Kjo i b\u00ebn t\u00eb rint\u00eb m\u00eb pak t\u00eb aft\u00eb p\u00ebr t\u00eb shmangur rreziqet e abortit t\u00eb pasigurt, p\u00ebr t\u00eb b\u00ebr\u00eb zgjedhje plot\u00ebsisht t\u00eb informuara dhe p\u00ebr t\u00eb ushtruar t\u00eb drejt\u00ebn e tyre p\u00ebr abort t\u00eb ligjsh\u00ebm.<\/p>\n\n\n\n<p>\u00cbsht\u00eb thelb\u00ebsore q\u00eb t\u00eb rinjt\u00eb t\u00eb ken\u00eb informacione rreth nd\u00ebrprerjes s\u00eb shtatz\u00ebnis\u00eb, t\u00eb kuptojn\u00eb ligjet n\u00eb kontekstin e tyre dhe t\u00eb din\u00eb se si t\u00eb p\u00ebrdorin sh\u00ebrbime t\u00eb sigurta.<\/p>\n\n\n\n<p>P\u00ebrgjat\u00eb dy dit\u00ebve, n\u00eb kuadrin e projektit YATAS (Aktivizmi Rinor p\u00ebr t\u00eb zvog\u00ebluar Stigm\u00ebn ndaj Abortit), n\u00eb qendr\u00ebn ton\u00eb \u201cPo\u201d biseduam rreth stigm\u00ebs ndaj abortit dhe trajnuam vullnetar\u00eb t\u00eb rinj se si t\u00eb zvog\u00eblojn\u00eb k\u00ebt\u00eb stigm\u00ebn n\u00eb komunitetin e tyre.<\/p>\n\n\n\n<p>N\u00eb p\u00ebrfundim t\u00eb rinjt\u00eb zgjodh\u00ebn tullumbacet si nj\u00eb mjet p\u00ebr t\u00eb ndar\u00eb mesazhet e tyre rreth stigm\u00ebs ndaj abortit.<\/p>\n\n\n\n<h1>un\u00ebvendos #zgjedhjeelir\u00eb #abortinuk\u00ebsht\u00ebnj\u00ebkrim<\/h1>\n","protected":false},"excerpt":{"rendered":"<p>Tema e abortit mungon n\u00eb pjes\u00ebn m\u00eb t\u00eb madhe t\u00eb programeve t\u00eb edukimit seksual gjith\u00ebp\u00ebrfshir\u00ebs, madje edhe n\u00eb vendet ku aborti \u00ebsht\u00eb i ligjsh\u00ebm. Kjo i b\u00ebn t\u00eb rint\u00eb m\u00eb pak t\u00eb aft\u00eb p\u00ebr t\u00eb shmangur rreziqet e abortit t\u00eb pasigurt, p\u00ebr t\u00eb b\u00ebr\u00eb zgjedhje plot\u00ebsisht t\u00eb informuara dhe p\u00ebr t\u00eb ushtruar t\u00eb drejt\u00ebn e<\/p>\n<a class=\"btn_a\" href=\"https:\/\/acpd.org.al\/?p=159\"><span><i class=\"in_left fa fa-angle-right\"><\/i><span>Details<\/span><i class=\"in_right fa fa-angle-right\"><\/i><\/span><\/a>","protected":false},"author":1,"featured_media":160,"comment_status":"closed","ping_status":"closed","sticky":false,"template":"","format":"standard","meta":[],"categories":[103,7,16,15,17,5],"tags":[],"_links":{"self":[{"href":"https:\/\/acpd.org.al\/index.php?rest_route=\/wp\/v2\/posts\/159"}],"collection":[{"href":"https:\/\/acpd.org.al\/index.php?rest_route=\/wp\/v2\/posts"}],"about":[{"href":"https:\/\/acpd.org.al\/index.php?rest_route=\/wp\/v2\/types\/post"}],"author":[{"embeddable":true,"href":"https:\/\/acpd.org.al\/index.php?rest_route=\/wp\/v2\/users\/1"}],"replies":[{"embeddable":true,"href":"https:\/\/acpd.org.al\/index.php?rest_route=%2Fwp%2Fv2%2Fcomments&post=159"}],"version-history":[{"count":1,"href":"https:\/\/acpd.org.al\/index.php?rest_route=\/wp\/v2\/posts\/159\/revisions"}],"predecessor-version":[{"id":161,"href":"https:\/\/acpd.org.al\/index.php?rest_route=\/wp\/v2\/posts\/159\/revisions\/161"}],"wp:featuredmedia":[{"embeddable":true,"href":"https:\/\/acpd.org.al\/index.php?rest_route=\/wp\/v2\/media\/160"}],"wp:attachment":[{"href":"https:\/\/acpd.org.al\/index.php?rest_route=%2Fwp%2Fv2%2Fmedia&parent=159"}],"wp:term":[{"taxonomy":"category","embeddable":true,"href":"https:\/\/acpd.org.al\/index.php?rest_route=%2Fwp%2Fv2%2Fcategories&post=159"},{"taxonomy":"post_tag","embeddable":true,"href":"https:\/\/acpd.org.al\/index.php?rest_route=%2Fwp%2Fv2%2Ftags&post=159"}],"curies":[{"name":"wp","href":"https:\/\/api.w.org\/{rel}","templated":true}]}}